{"id":16755,"date":"2024-10-15T16:38:00","date_gmt":"2024-10-15T14:38:00","guid":{"rendered":"https:\/\/www.tvettingen.ch\/extranet\/?p=16755"},"modified":"2024-10-15T16:45:10","modified_gmt":"2024-10-15T14:45:10","slug":"bericht-hallenmehrkampf-liestal-2024","status":"publish","type":"post","link":"https:\/\/www.tvettingen.ch\/extranet\/bericht-hallenmehrkampf-liestal-2024\/","title":{"rendered":"Bericht Hallenmehrkampf Liestal &#8211; 28. Januar 2024"},"content":{"rendered":"<p>Am 28. Januar war es wieder so weit, 14 Kinder der Juspo Ettingen haben sich angemeldet, leider hat sich jemand ein paar Tage vor dem Wettkampf verletzt, somit startetet wir mit 13 Kindern in 6 Kategorien. Die Kategorie U14W und U14M startetet ihren Wettkampf mit Hochsprung, gefolgt von Wurf, 35m Lauf und Ballwurf. In allen anderen Kategorien waren die Disziplinen Standweitsprung, 35m Lauf, Wurf und Ballwurf. Mit viel Motivation und pers\u00f6nlichen Bestleistungen konnten trotz hoher Konkurrenz folgende Ergebnisse erzielt werden. Herzliche Gratulation!<\/p>\n<p>&nbsp;<\/p>\n<p>U14 W &nbsp;&nbsp;&nbsp;&nbsp;&nbsp;&nbsp;&nbsp;&nbsp;&nbsp; 19.Rang&nbsp;&nbsp;&nbsp;&nbsp;&nbsp;&nbsp;&nbsp;&nbsp; Noemi St\u00f6cklin<\/p>\n<p>U14M &nbsp;&nbsp;&nbsp;&nbsp;&nbsp;&nbsp;&nbsp;&nbsp;&nbsp;&nbsp; 33. Rang &nbsp;&nbsp;&nbsp;&nbsp;&nbsp;&nbsp; Maicon Burkhalter<\/p>\n<p>U12M &nbsp;&nbsp;&nbsp;&nbsp;&nbsp;&nbsp;&nbsp;&nbsp;&nbsp;&nbsp; 44. Rang &nbsp;&nbsp;&nbsp;&nbsp;&nbsp;&nbsp; Jan Etterlin<\/p>\n<p>U12W&nbsp;&nbsp;&nbsp; &nbsp;&nbsp;&nbsp;&nbsp;&nbsp;&nbsp;&nbsp; 53. Rang &nbsp;&nbsp;&nbsp;&nbsp;&nbsp;&nbsp;&nbsp; Lena Huber<\/p>\n<p>&nbsp; &nbsp; &nbsp; &nbsp; &nbsp; &nbsp; &nbsp; &nbsp; &nbsp; &nbsp; &nbsp; &nbsp;59. Rang &nbsp;&nbsp;&nbsp;&nbsp;&nbsp;&nbsp;&nbsp; Julie Schaub<\/p>\n<p>&nbsp; &nbsp; &nbsp; &nbsp; &nbsp; &nbsp; &nbsp; &nbsp; &nbsp; &nbsp; &nbsp; &nbsp;62. Rang&nbsp;&nbsp;&nbsp;&nbsp;&nbsp;&nbsp;&nbsp;&nbsp; Arya Kiefer<\/p>\n<p>&nbsp; &nbsp; &nbsp; &nbsp; &nbsp; &nbsp; &nbsp; &nbsp; &nbsp; &nbsp; &nbsp; &nbsp;76. Rang&nbsp; &nbsp; &nbsp; &nbsp; &nbsp;Hanna St\u00f6cklin<\/p>\n<p>U10M&nbsp; &nbsp; &nbsp; &nbsp; &nbsp; &nbsp; 13. Rang &nbsp;&nbsp;&nbsp;&nbsp;&nbsp;&nbsp; Nico Huber<\/p>\n<p>&nbsp; &nbsp; &nbsp; &nbsp; &nbsp; &nbsp; &nbsp; &nbsp; &nbsp; &nbsp; &nbsp; &nbsp;23. Rang&nbsp; &nbsp; &nbsp; &nbsp; Moritz Schaub<\/p>\n<p>&nbsp; &nbsp; &nbsp; &nbsp; &nbsp; &nbsp; &nbsp; &nbsp; &nbsp; &nbsp; &nbsp; &nbsp;49. Rang&nbsp; &nbsp; &nbsp; &nbsp; Liam Schuler<\/p>\n<p>&nbsp; &nbsp; &nbsp; &nbsp; &nbsp; &nbsp; &nbsp; &nbsp; &nbsp; &nbsp; &nbsp; &nbsp;54. Rang&nbsp; &nbsp; &nbsp; &nbsp; Luca St\u00f6cklin<\/p>\n<p>U10W&nbsp; &nbsp; &nbsp; &nbsp; &nbsp; &nbsp;42. Rang&nbsp;&nbsp;&nbsp;&nbsp;&nbsp;&nbsp;&nbsp; Alena Th\u00fcring<\/p>\n<p>&nbsp; &nbsp; &nbsp; &nbsp; &nbsp; &nbsp; &nbsp; &nbsp; &nbsp; &nbsp; &nbsp; &nbsp;55. Rang&nbsp; &nbsp; &nbsp; &nbsp; &nbsp;Selina Riggi<\/p>\n<p>&nbsp;<\/p>\n<p>Besten Dank auch unseren JuspobetreuerInnen, Michelle, Pascale, Zo\u00e9, Ruben und Thommy f\u00fcr die gro\u00dfartige Betreuung w\u00e4hrend den Wettk\u00e4mpfen.<\/p>\n<p>Danke auch allen Eltern die ihre Kinder betreut und unterst\u00fctzt haben.<\/p>\n<p>Bernadette H\u00e4geli<\/p>\n<p>Stammteam Juspo<\/p>\n","protected":false},"excerpt":{"rendered":"<p>Am 28. Januar war es wieder so weit, 14 Kinder  [&#8230;]<\/p>\n","protected":false},"author":5,"featured_media":0,"comment_status":"open","ping_status":"open","sticky":false,"template":"","format":"standard","meta":{"ngg_post_thumbnail":0,"footnotes":""},"categories":[1],"tags":[],"class_list":["post-16755","post","type-post","status-publish","format-standard","hentry","category-allgemein"],"_links":{"self":[{"href":"https:\/\/www.tvettingen.ch\/extranet\/wp-json\/wp\/v2\/posts\/16755","targetHints":{"allow":["GET"]}}],"collection":[{"href":"https:\/\/www.tvettingen.ch\/extranet\/wp-json\/wp\/v2\/posts"}],"about":[{"href":"https:\/\/www.tvettingen.ch\/extranet\/wp-json\/wp\/v2\/types\/post"}],"author":[{"embeddable":true,"href":"https:\/\/www.tvettingen.ch\/extranet\/wp-json\/wp\/v2\/users\/5"}],"replies":[{"embeddable":true,"href":"https:\/\/www.tvettingen.ch\/extranet\/wp-json\/wp\/v2\/comments?post=16755"}],"version-history":[{"count":2,"href":"https:\/\/www.tvettingen.ch\/extranet\/wp-json\/wp\/v2\/posts\/16755\/revisions"}],"predecessor-version":[{"id":16758,"href":"https:\/\/www.tvettingen.ch\/extranet\/wp-json\/wp\/v2\/posts\/16755\/revisions\/16758"}],"wp:attachment":[{"href":"https:\/\/www.tvettingen.ch\/extranet\/wp-json\/wp\/v2\/media?parent=16755"}],"wp:term":[{"taxonomy":"category","embeddable":true,"href":"https:\/\/www.tvettingen.ch\/extranet\/wp-json\/wp\/v2\/categories?post=16755"},{"taxonomy":"post_tag","embeddable":true,"href":"https:\/\/www.tvettingen.ch\/extranet\/wp-json\/wp\/v2\/tags?post=16755"}],"curies":[{"name":"wp","href":"https:\/\/api.w.org\/{rel}","templated":true}]}}