{"id":17405,"date":"2025-08-01T12:58:49","date_gmt":"2025-08-01T10:58:49","guid":{"rendered":"https:\/\/www.tvettingen.ch\/extranet\/?p=17405"},"modified":"2025-08-01T12:58:49","modified_gmt":"2025-08-01T10:58:49","slug":"etf-2025-rueckblick","status":"publish","type":"post","link":"https:\/\/www.tvettingen.ch\/extranet\/etf-2025-rueckblick\/","title":{"rendered":"Eidg. Turnfest Lausanne 19. &#8211; 22. Juni 2025"},"content":{"rendered":"<p><span data-contrast=\"auto\">Von 19.-22. Juni 2025 fand f\u00fcr den Turnverein Ettingen das Eidgen\u00f6ssische Turnfest in Lausanne statt, welches alle 6 Jahre durchgef\u00fchrt wird. In den letzten Wochen und Monate wurde fleissig auf dieses Turnfest trainiert. <\/span>&nbsp;<br \/>\n&nbsp;<br \/>\n<span data-contrast=\"auto\">Am Donnerstagnachmittag startete ein Frauenteam in den Disziplinen Sprint, Weitsprung, Kugelstossen sowie 800 m (LMM).&nbsp;<\/span><span data-ccp-props=\"{}\">&nbsp;<\/span><\/p>\n<p><span data-contrast=\"auto\">Auch in diesem Jahr sind wir zudem im 3-teiligen Vereinswettkampf in der <\/span>&nbsp;<br \/>\n<span data-contrast=\"auto\">2. St\u00e4rkeklasse gestartet mit der Aktivriege. Mit der Gesamtnote von 24.20 erzielten wir den 270 Platz:<\/span>&nbsp;<\/p>\n<p><span data-contrast=\"auto\">1. Vereinswettkampfteil<\/span> <span data-contrast=\"auto\">Fachtest Allround:<\/span> <span data-contrast=\"auto\">8.47<\/span>&nbsp;<br \/>\n<span data-contrast=\"auto\">Pendelstafette:<\/span> <span data-contrast=\"auto\">8.15<\/span>&nbsp;<br \/>\n&nbsp;<br \/>\n<span data-contrast=\"auto\">2. Vereinswettkampfteil<\/span> <span data-contrast=\"auto\">Speer:<\/span> <span data-contrast=\"auto\">7.99<\/span>&nbsp;<br \/>\n<span data-contrast=\"auto\">Weitsprung:<\/span> <span data-contrast=\"auto\">6.61<\/span>&nbsp;<br \/>\n&nbsp;<br \/>\n<span data-contrast=\"auto\">3. Vereinswettkampfteil<\/span> <span data-contrast=\"auto\">800m:<\/span> <span data-contrast=\"auto\">6.95<\/span>&nbsp;<br \/>\n<span data-contrast=\"auto\">Fachtest Korbball:<\/span> <span data-contrast=\"auto\">8.94<\/span>&nbsp;<br \/>\n<span data-contrast=\"auto\">Gymnastik:&nbsp;<\/span> <span data-contrast=\"auto\">9.19<\/span>&nbsp;<br \/>\n&nbsp;<br \/>\n&nbsp;<br \/>\n<span data-contrast=\"auto\">Ebenfalls durften wir einen 3-teiligen Vereinswettkampf in der Kategorie Frauen \/ M\u00e4nner anmelden. Hier ergab sich in der 3. St\u00e4rkeklasse eine sensationelle Note von 26.54. Hier erzielte man den 122 Platz:<\/span>&nbsp;<br \/>\n&nbsp;<br \/>\n<span data-contrast=\"auto\">1. Vereinswettkampfteil<\/span> <span data-contrast=\"auto\">Fachtest Korbball:<\/span> <span data-contrast=\"auto\">9.54<\/span>&nbsp;<br \/>\n&nbsp;<br \/>\n<span data-contrast=\"auto\">2. Vereinswettkampfteil<\/span> <span data-contrast=\"auto\">Fachtest Allround:<\/span> <span data-contrast=\"auto\">7.89<\/span>&nbsp;<br \/>\n&nbsp;<br \/>\n<span data-contrast=\"auto\">3. Vereinswettkampfteil<\/span> <span data-contrast=\"auto\">Fit &amp; Fun: 1<\/span> <span data-contrast=\"auto\">9.11<\/span>&nbsp;<br \/>\n&nbsp;<br \/>\n<span data-contrast=\"auto\">Fast 60 Personen starteten am Turnfest, was uns sehr freut. Ein grosses Dankesch\u00f6n an unsere KampfrichterInnen sowie SupporterInnen, welche uns unterst\u00fctzt haben.<\/span><br \/>\n<span data-contrast=\"auto\">Es macht mich unglaublich stolz, einen Teil dieses Vereins zu sein.&nbsp;<\/span><span data-ccp-props=\"{}\">&nbsp;<\/span><\/p>\n<p><span data-contrast=\"auto\">Wir m\u00f6chten uns bei allen herzlich bedanken f\u00fcr den super Empfang.&nbsp;<\/span><span data-ccp-props=\"{&quot;469777462&quot;:[993],&quot;469777927&quot;:[0],&quot;469777928&quot;:[1]}\">&nbsp;<\/span><\/p>\n<p><span data-contrast=\"auto\">Ein grosses Dankesch\u00f6n geht an den Musikverein, welcher uns musikalisch unterst\u00fctzt hat. <\/span>&nbsp;<br \/>\n&nbsp;<br \/>\n<span data-contrast=\"auto\">Sportliche Gr\u00fcsse<\/span>&nbsp;<br \/>\n<span data-contrast=\"auto\">Steffi Lurz-Schaub, TL<\/span><span data-ccp-props=\"{&quot;469777462&quot;:[993],&quot;469777927&quot;:[0],&quot;469777928&quot;:[1]}\">&nbsp;<\/span><\/p>\n","protected":false},"excerpt":{"rendered":"<p>Von 19.-22. Juni 2025 fand f\u00fcr den Turnverein Ettingen das  [&#8230;]<\/p>\n","protected":false},"author":5,"featured_media":0,"comment_status":"open","ping_status":"open","sticky":false,"template":"","format":"standard","meta":{"ngg_post_thumbnail":0,"footnotes":""},"categories":[1],"tags":[],"class_list":["post-17405","post","type-post","status-publish","format-standard","hentry","category-allgemein"],"_links":{"self":[{"href":"https:\/\/www.tvettingen.ch\/extranet\/wp-json\/wp\/v2\/posts\/17405","targetHints":{"allow":["GET"]}}],"collection":[{"href":"https:\/\/www.tvettingen.ch\/extranet\/wp-json\/wp\/v2\/posts"}],"about":[{"href":"https:\/\/www.tvettingen.ch\/extranet\/wp-json\/wp\/v2\/types\/post"}],"author":[{"embeddable":true,"href":"https:\/\/www.tvettingen.ch\/extranet\/wp-json\/wp\/v2\/users\/5"}],"replies":[{"embeddable":true,"href":"https:\/\/www.tvettingen.ch\/extranet\/wp-json\/wp\/v2\/comments?post=17405"}],"version-history":[{"count":1,"href":"https:\/\/www.tvettingen.ch\/extranet\/wp-json\/wp\/v2\/posts\/17405\/revisions"}],"predecessor-version":[{"id":17406,"href":"https:\/\/www.tvettingen.ch\/extranet\/wp-json\/wp\/v2\/posts\/17405\/revisions\/17406"}],"wp:attachment":[{"href":"https:\/\/www.tvettingen.ch\/extranet\/wp-json\/wp\/v2\/media?parent=17405"}],"wp:term":[{"taxonomy":"category","embeddable":true,"href":"https:\/\/www.tvettingen.ch\/extranet\/wp-json\/wp\/v2\/categories?post=17405"},{"taxonomy":"post_tag","embeddable":true,"href":"https:\/\/www.tvettingen.ch\/extranet\/wp-json\/wp\/v2\/tags?post=17405"}],"curies":[{"name":"wp","href":"https:\/\/api.w.org\/{rel}","templated":true}]}}