{"id":17407,"date":"2025-08-01T13:04:29","date_gmt":"2025-08-01T11:04:29","guid":{"rendered":"https:\/\/www.tvettingen.ch\/extranet\/?p=17407"},"modified":"2025-08-01T13:04:29","modified_gmt":"2025-08-01T11:04:29","slug":"schnaellscht-ettiger-2025","status":"publish","type":"post","link":"https:\/\/www.tvettingen.ch\/extranet\/schnaellscht-ettiger-2025\/","title":{"rendered":"Schn\u00e4llscht Ettiger 2025"},"content":{"rendered":"<p>Ab sofort k\u00f6nnen Sie Ihr Kind wieder f\u00fcr den traditionellen j\u00e4hrlichen Wettkampf &#8222;Schn\u00e4llscht Ettiger&#8220; anmelden.<\/p>\n<p><a href=\"https:\/\/www.tvettingen.ch\/extranet\/registration-schnaellscht-ettiger\/\">Zur Anmeldung&nbsp;\u2192<\/a><\/p>\n<p>Alle Infos zum Anlass finden Sie im folgenden Infobrief:<\/p>\n<p><img decoding=\"async\" class=\"alignnone wp-image-17408\" src=\"https:\/\/www.tvettingen.ch\/extranet\/wp-content\/uploads\/2025\/08\/schaellschtettiger2025.png\" alt=\"\" width=\"531\" height=\"750\" srcset=\"https:\/\/www.tvettingen.ch\/extranet\/wp-content\/uploads\/2025\/08\/schaellschtettiger2025-200x282.png 200w, https:\/\/www.tvettingen.ch\/extranet\/wp-content\/uploads\/2025\/08\/schaellschtettiger2025-212x300.png 212w, https:\/\/www.tvettingen.ch\/extranet\/wp-content\/uploads\/2025\/08\/schaellschtettiger2025-400x565.png 400w, https:\/\/www.tvettingen.ch\/extranet\/wp-content\/uploads\/2025\/08\/schaellschtettiger2025-600x847.png 600w, https:\/\/www.tvettingen.ch\/extranet\/wp-content\/uploads\/2025\/08\/schaellschtettiger2025-725x1024.png 725w, https:\/\/www.tvettingen.ch\/extranet\/wp-content\/uploads\/2025\/08\/schaellschtettiger2025-768x1084.png 768w, https:\/\/www.tvettingen.ch\/extranet\/wp-content\/uploads\/2025\/08\/schaellschtettiger2025-800x1130.png 800w, https:\/\/www.tvettingen.ch\/extranet\/wp-content\/uploads\/2025\/08\/schaellschtettiger2025.png 915w\" sizes=\"(max-width: 531px) 100vw, 531px\" \/><\/p>\n<p>&nbsp;<\/p>\n<p>Wir freuen uns \u00fcber m\u00f6glichst viele Anmeldung und einen fairen Wettkampf.<\/p>\n","protected":false},"excerpt":{"rendered":"<p>Ab sofort k\u00f6nnen Sie Ihr Kind wieder f\u00fcr den traditionellen  [&#8230;]<\/p>\n","protected":false},"author":5,"featured_media":0,"comment_status":"open","ping_status":"open","sticky":false,"template":"","format":"standard","meta":{"ngg_post_thumbnail":0,"footnotes":""},"categories":[1],"tags":[],"class_list":["post-17407","post","type-post","status-publish","format-standard","hentry","category-allgemein"],"_links":{"self":[{"href":"https:\/\/www.tvettingen.ch\/extranet\/wp-json\/wp\/v2\/posts\/17407","targetHints":{"allow":["GET"]}}],"collection":[{"href":"https:\/\/www.tvettingen.ch\/extranet\/wp-json\/wp\/v2\/posts"}],"about":[{"href":"https:\/\/www.tvettingen.ch\/extranet\/wp-json\/wp\/v2\/types\/post"}],"author":[{"embeddable":true,"href":"https:\/\/www.tvettingen.ch\/extranet\/wp-json\/wp\/v2\/users\/5"}],"replies":[{"embeddable":true,"href":"https:\/\/www.tvettingen.ch\/extranet\/wp-json\/wp\/v2\/comments?post=17407"}],"version-history":[{"count":1,"href":"https:\/\/www.tvettingen.ch\/extranet\/wp-json\/wp\/v2\/posts\/17407\/revisions"}],"predecessor-version":[{"id":17409,"href":"https:\/\/www.tvettingen.ch\/extranet\/wp-json\/wp\/v2\/posts\/17407\/revisions\/17409"}],"wp:attachment":[{"href":"https:\/\/www.tvettingen.ch\/extranet\/wp-json\/wp\/v2\/media?parent=17407"}],"wp:term":[{"taxonomy":"category","embeddable":true,"href":"https:\/\/www.tvettingen.ch\/extranet\/wp-json\/wp\/v2\/categories?post=17407"},{"taxonomy":"post_tag","embeddable":true,"href":"https:\/\/www.tvettingen.ch\/extranet\/wp-json\/wp\/v2\/tags?post=17407"}],"curies":[{"name":"wp","href":"https:\/\/api.w.org\/{rel}","templated":true}]}}